{"id":18233,"date":"2026-04-07T16:33:25","date_gmt":"2026-04-07T08:33:25","guid":{"rendered":"https:\/\/luxpowertek.com\/?p=18233"},"modified":"2026-04-07T16:36:17","modified_gmt":"2026-04-07T08:36:17","slug":"a-napelemes-energiatarolasrol-szolo-live-africa-2026-kiemelt-esemenyei-a-luxpowertek-a-regionalis-energiafuggetlenseg-elomozditasaert-felel","status":"publish","type":"post","link":"https:\/\/luxpowertek.com\/hu\/blog\/a-napelemes-energiatarolasrol-szolo-live-africa-2026-kiemelt-esemenyei-a-luxpowertek-a-regionalis-energiafuggetlenseg-elomozditasaert-felel\/","title":{"rendered":"Napelemes \u00e9s T\u00e1rol\u00f3 \u00c9l\u0151 Afrika 2026 Kiemelt esem\u00e9nyek: A LuxpowerTek region\u00e1lis energiaf\u00fcggetlens\u00e9get mozd\u00edt el\u0151"},"content":{"rendered":"<p data-path-to-node=\"5\">Az afrikai energia\u00e1t\u00e1ll\u00e1s p\u00e9ld\u00e1tlan \u00fctemben gyorsul. M\u00e1rcius 25. \u00e9s 27. k\u00f6z\u00f6tt..., <b data-path-to-node=\"5\" data-index-in-node=\"99\">LuxpowerTek<\/b> ker\u00fclt a k\u00f6z\u00e9ppontba <b data-path-to-node=\"5\" data-index-in-node=\"132\">Napelemes \u00e9s T\u00e1rol\u00f3 \u00c9l\u0151 D\u00e9l-Afrika 2026<\/b> Johannesburgban, bemutatva \u00e1tfog\u00f3 napelemes \u00e9s energiat\u00e1rol\u00e1si megold\u00e1saink portf\u00f3li\u00f3j\u00e1t, amelyet kifejezetten Afrika \u00f6sszetett h\u00e1l\u00f3zati k\u00f6rnyezeteire tervezt\u00fcnk.<\/p>\n<p data-path-to-node=\"5\"><img loading=\"lazy\" decoding=\"async\" class=\"wp-image-18235 aligncenter\" src=\"https:\/\/luxpowertek.com\/wp-content\/uploads\/2026\/04\/Solar-Storage-South-Africa-2026-LuxpowerExhibition.webp\" alt=\"\" width=\"636\" height=\"477\" srcset=\"https:\/\/luxpowertek.com\/wp-content\/uploads\/2026\/04\/Solar-Storage-South-Africa-2026-LuxpowerExhibition.webp 1440w, https:\/\/luxpowertek.com\/wp-content\/uploads\/2026\/04\/Solar-Storage-South-Africa-2026-LuxpowerExhibition-300x225.webp 300w, https:\/\/luxpowertek.com\/wp-content\/uploads\/2026\/04\/Solar-Storage-South-Africa-2026-LuxpowerExhibition-1030x773.webp 1030w, https:\/\/luxpowertek.com\/wp-content\/uploads\/2026\/04\/Solar-Storage-South-Africa-2026-LuxpowerExhibition-768x576.webp 768w, https:\/\/luxpowertek.com\/wp-content\/uploads\/2026\/04\/Solar-Storage-South-Africa-2026-LuxpowerExhibition-16x12.webp 16w, https:\/\/luxpowertek.com\/wp-content\/uploads\/2026\/04\/Solar-Storage-South-Africa-2026-LuxpowerExhibition-510x383.webp 510w\" sizes=\"auto, (max-width: 636px) 100vw, 636px\" \/><\/p>\n<p data-path-to-node=\"6\">2025-re Afrika \u00faj napelemes kapacit\u00e1sa el\u00e9rte a 4,5 GW-ot, ami figyelemre m\u00e9lt\u00f3, 54% \u00e9ves n\u00f6veked\u00e9st jelent. E gyors n\u00f6veked\u00e9s m\u00f6g\u00f6tt azonban egy kritikus kih\u00edv\u00e1s h\u00faz\u00f3dik meg: t\u00f6bb mint 600 milli\u00f3 ember tov\u00e1bbra is jelent\u0151s energiahi\u00e1nnyal k\u00fczd. A h\u00e1l\u00f3zati instabilit\u00e1s \u00e9s a sz\u00e9ls\u0151s\u00e9ges \u00e9ghajlatok \u00e1ltal meghat\u00e1rozott k\u00f6rnyezetben az energiat\u00e1rol\u00e1s ir\u00e1nti alapvet\u0151 ig\u00e9ny egyetlen l\u00e9nyeges t\u00e9nyez\u0151re vezethet\u0151 vissza: <b data-path-to-node=\"6\" data-index-in-node=\"370\">abszol\u00fat megb\u00edzhat\u00f3s\u00e1g<\/b>.<\/p>\n<h3 data-path-to-node=\"7\">Helyi \u00e9p\u00edtkez\u00e9s, region\u00e1lis n\u00f6veked\u00e9s: P\u00e1nafrikai strat\u00e9gia<\/h3>\n<p data-path-to-node=\"8\">A LuxpowerTek sz\u00e1m\u00e1ra ez az expo t\u00f6bb volt, mint egy term\u00e9kbemutat\u00f3; kulcsfontoss\u00e1g\u00fa pillanat volt region\u00e1lis strat\u00e9giai elrendez\u00e9s\u00fcnkben.<\/p>\n<p data-path-to-node=\"9\">D\u00e9l-Afrik\u00e1t els\u0151dleges k\u00f6zpontk\u00e9nt haszn\u00e1lva egy robusztus h\u00e1l\u00f3zatot \u00e9p\u00edt\u00fcnk D\u00e9l-Afrik\u00e1ban, olyan kulcsfontoss\u00e1g\u00fa piacokat szolg\u00e1lva ki, mint Zambia, Nam\u00edbia, Zimbabwe \u00e9s Kenya. Ezzel egyidej\u0171leg nig\u00e9riai fi\u00f3ktelep\u00fcnk\u00f6n kereszt\u00fcl felgyors\u00edtjuk helyi jelenl\u00e9t\u00fcnket Nyugat-Afrik\u00e1ban. D\u00e9l-Afrik\u00e1t\u00f3l Nyugat-Afrik\u00e1ig a LuxpowerTek egy\u00e9rtelm\u0171 utat t\u00f6r: nem csup\u00e1n term\u00e9keket sz\u00e1ll\u00edtunk, hanem egy hossz\u00fa t\u00e1v\u00fa, fenntarthat\u00f3 helyi piaci \u00f6kosziszt\u00e9m\u00e1t \u00e9p\u00edt\u00fcnk.<\/p>\n<h3 data-path-to-node=\"10\">A f\u00fclke belsej\u00e9ben: Minden forgat\u00f3k\u00f6nyvh\u00f6z megfelel\u0151 \u00f6kosziszt\u00e9ma<\/h3>\n<p data-path-to-node=\"11\">A h\u00e1romnapos rendezv\u00e9ny sor\u00e1n helyi szak\u00e9rt\u0151kkel besz\u00e9lgett\u00fcnk, \u00e9s bemutattuk leg\u00fajabb, val\u00f3s afrikai helyzetekre szabott innov\u00e1ci\u00f3inkat:<\/p>\n<ul data-path-to-node=\"12\">\n<li>\n<p data-path-to-node=\"12,0,0\"><b data-path-to-node=\"12,0,0\" data-index-in-node=\"0\">Eco Beast Pro (Mindent egyben megold\u00e1s):<\/b> Robusztus, 6,5 kW-os stabil teljes\u00edtm\u00e9nyt biztos\u00edt egy integr\u00e1lt 15 kWh-s akkumul\u00e1torral. T\u00e1mogatja a z\u00f6kken\u0151mentes t\u00f6bbforr\u00e1s\u00fa bemeneteket (PV\/H\u00e1l\u00f3zat\/Gener\u00e1tor), \u00e9s intelligens 140 A-es \u00e9p\u00fcletfel\u00fcgyeleti rendszerrel rendelkezik, ami jelent\u0151sen leegyszer\u0171s\u00edti a telep\u00edt\u00e9si folyamatot a lakoss\u00e1gi felhaszn\u00e1l\u00f3k sz\u00e1m\u00e1ra.<\/p>\n<\/li>\n<\/ul>\n<p><img loading=\"lazy\" decoding=\"async\" class=\"wp-image-18236 aligncenter\" src=\"https:\/\/luxpowertek.com\/wp-content\/uploads\/2026\/04\/Exhibition-Luxpower-South-Africa-scaled.webp\" alt=\"\" width=\"617\" height=\"347\" srcset=\"https:\/\/luxpowertek.com\/wp-content\/uploads\/2026\/04\/Exhibition-Luxpower-South-Africa-scaled.webp 2560w, https:\/\/luxpowertek.com\/wp-content\/uploads\/2026\/04\/Exhibition-Luxpower-South-Africa-300x169.webp 300w, https:\/\/luxpowertek.com\/wp-content\/uploads\/2026\/04\/Exhibition-Luxpower-South-Africa-1030x579.webp 1030w, https:\/\/luxpowertek.com\/wp-content\/uploads\/2026\/04\/Exhibition-Luxpower-South-Africa-768x432.webp 768w, https:\/\/luxpowertek.com\/wp-content\/uploads\/2026\/04\/Exhibition-Luxpower-South-Africa-1536x864.webp 1536w, https:\/\/luxpowertek.com\/wp-content\/uploads\/2026\/04\/Exhibition-Luxpower-South-Africa-2048x1152.webp 2048w, https:\/\/luxpowertek.com\/wp-content\/uploads\/2026\/04\/Exhibition-Luxpower-South-Africa-18x10.webp 18w, https:\/\/luxpowertek.com\/wp-content\/uploads\/2026\/04\/Exhibition-Luxpower-South-Africa-510x287.webp 510w\" sizes=\"auto, (max-width: 617px) 100vw, 617px\" \/><\/p>\n<ul data-path-to-node=\"12\">\n<li>\n<p data-path-to-node=\"12,1,0\"><b data-path-to-node=\"12,1,0\" data-index-in-node=\"0\">SNA PRO-EU 3-6.5K (intelligens \u00f6kohibrid inverter):<\/b> Afrika gyakori h\u00e1l\u00f3zati kimarad\u00e1saira \u00e9s zord \u00e9ghajlat\u00e1ra tervezve. IP66 v\u00e9delemmel, II. t\u00edpus\u00fa t\u00falfesz\u00fclts\u00e9g-v\u00e9delemmel \u00e9s dedik\u00e1lt GEN porttal rendelkezik a d\u00edzelgener\u00e1torokkal val\u00f3 z\u00f6kken\u0151mentes integr\u00e1ci\u00f3 \u00e9rdek\u00e9ben.<\/p>\n<\/li>\n<\/ul>\n<p><img loading=\"lazy\" decoding=\"async\" class=\"wp-image-18237 aligncenter\" src=\"https:\/\/luxpowertek.com\/wp-content\/uploads\/2026\/04\/Exhibition-LuxpowerTek-South-Africa-scaled.webp\" alt=\"\" width=\"610\" height=\"457\" srcset=\"https:\/\/luxpowertek.com\/wp-content\/uploads\/2026\/04\/Exhibition-LuxpowerTek-South-Africa-scaled.webp 2560w, https:\/\/luxpowertek.com\/wp-content\/uploads\/2026\/04\/Exhibition-LuxpowerTek-South-Africa-300x225.webp 300w, https:\/\/luxpowertek.com\/wp-content\/uploads\/2026\/04\/Exhibition-LuxpowerTek-South-Africa-1030x773.webp 1030w, https:\/\/luxpowertek.com\/wp-content\/uploads\/2026\/04\/Exhibition-LuxpowerTek-South-Africa-768x576.webp 768w, https:\/\/luxpowertek.com\/wp-content\/uploads\/2026\/04\/Exhibition-LuxpowerTek-South-Africa-1536x1152.webp 1536w, https:\/\/luxpowertek.com\/wp-content\/uploads\/2026\/04\/Exhibition-LuxpowerTek-South-Africa-2048x1536.webp 2048w, https:\/\/luxpowertek.com\/wp-content\/uploads\/2026\/04\/Exhibition-LuxpowerTek-South-Africa-16x12.webp 16w, https:\/\/luxpowertek.com\/wp-content\/uploads\/2026\/04\/Exhibition-LuxpowerTek-South-Africa-510x383.webp 510w\" sizes=\"auto, (max-width: 610px) 100vw, 610px\" \/><\/p>\n<ul data-path-to-node=\"12\">\n<li>\n<p data-path-to-node=\"12,2,0\"><b data-path-to-node=\"12,2,0\" data-index-in-node=\"0\">GETA-LB-EU + Li-7.5e (k\u00f6lts\u00e9ghat\u00e9kony off-grid kombin\u00e1ci\u00f3):<\/b> A megn\u00f6velt terhelhet\u0151s\u00e9g \u00e9rdek\u00e9ben a GEN BOOST funkci\u00f3val \u00e9s a k\u00f6nnyen sk\u00e1l\u00e1zhat\u00f3 7,5 kWh-s akkumul\u00e1torral rendelkezik. T\u00f6k\u00e9letes megold\u00e1s az alapvet\u0151 tartal\u00e9k \u00e1ramell\u00e1t\u00e1shoz \u00e9s a k\u00f6lts\u00e9g\u00e9rz\u00e9keny helyzetekhez.<\/p>\n<\/li>\n<\/ul>\n<p><img loading=\"lazy\" decoding=\"async\" class=\"wp-image-18238 aligncenter\" src=\"https:\/\/luxpowertek.com\/wp-content\/uploads\/2026\/04\/South-Africa-Exhibition-LuxpowerTek-scaled.webp\" alt=\"\" width=\"623\" height=\"467\" srcset=\"https:\/\/luxpowertek.com\/wp-content\/uploads\/2026\/04\/South-Africa-Exhibition-LuxpowerTek-scaled.webp 2560w, https:\/\/luxpowertek.com\/wp-content\/uploads\/2026\/04\/South-Africa-Exhibition-LuxpowerTek-300x225.webp 300w, https:\/\/luxpowertek.com\/wp-content\/uploads\/2026\/04\/South-Africa-Exhibition-LuxpowerTek-1030x773.webp 1030w, https:\/\/luxpowertek.com\/wp-content\/uploads\/2026\/04\/South-Africa-Exhibition-LuxpowerTek-768x576.webp 768w, https:\/\/luxpowertek.com\/wp-content\/uploads\/2026\/04\/South-Africa-Exhibition-LuxpowerTek-1536x1152.webp 1536w, https:\/\/luxpowertek.com\/wp-content\/uploads\/2026\/04\/South-Africa-Exhibition-LuxpowerTek-2048x1536.webp 2048w, https:\/\/luxpowertek.com\/wp-content\/uploads\/2026\/04\/South-Africa-Exhibition-LuxpowerTek-16x12.webp 16w, https:\/\/luxpowertek.com\/wp-content\/uploads\/2026\/04\/South-Africa-Exhibition-LuxpowerTek-510x383.webp 510w\" sizes=\"auto, (max-width: 623px) 100vw, 623px\" \/><\/p>\n<ul data-path-to-node=\"12\">\n<li>\n<p data-path-to-node=\"12,3,0\"><b data-path-to-node=\"12,3,0\" data-index-in-node=\"0\">SNA 3-6K + Li-5 (a bev\u00e1lt szabv\u00e1ny):<\/b> \u00c9l\u0151, m\u0171k\u00f6d\u0151 bemutat\u00f3t tartottunk a legn\u00e9pszer\u0171bb d\u00e9l-afrikai rendszer\u00fcnkr\u0151l. A telep\u00edt\u0151k \u00e9s a h\u00e1ztulajdonosok els\u0151 k\u00e9zb\u0151l tapasztalhatt\u00e1k meg a rendszer konfigur\u00e1ci\u00f3j\u00e1t, a k\u00f6nny\u0171 telep\u00edt\u00e9st \u00e9s a val\u00f3s idej\u0171 megb\u00edzhat\u00f3s\u00e1got, amelyek k\u00f6zismertt\u00e9 teszik ezt a nevet a r\u00e9gi\u00f3ban.<\/p>\n<\/li>\n<\/ul>\n<p><img loading=\"lazy\" decoding=\"async\" class=\"wp-image-18239 aligncenter\" src=\"https:\/\/luxpowertek.com\/wp-content\/uploads\/2026\/04\/Africa-trade-show-Luxpower-scaled.webp\" alt=\"\" width=\"634\" height=\"476\" srcset=\"https:\/\/luxpowertek.com\/wp-content\/uploads\/2026\/04\/Africa-trade-show-Luxpower-scaled.webp 2560w, https:\/\/luxpowertek.com\/wp-content\/uploads\/2026\/04\/Africa-trade-show-Luxpower-300x225.webp 300w, https:\/\/luxpowertek.com\/wp-content\/uploads\/2026\/04\/Africa-trade-show-Luxpower-1030x773.webp 1030w, https:\/\/luxpowertek.com\/wp-content\/uploads\/2026\/04\/Africa-trade-show-Luxpower-768x576.webp 768w, https:\/\/luxpowertek.com\/wp-content\/uploads\/2026\/04\/Africa-trade-show-Luxpower-1536x1152.webp 1536w, https:\/\/luxpowertek.com\/wp-content\/uploads\/2026\/04\/Africa-trade-show-Luxpower-2048x1536.webp 2048w, https:\/\/luxpowertek.com\/wp-content\/uploads\/2026\/04\/Africa-trade-show-Luxpower-16x12.webp 16w, https:\/\/luxpowertek.com\/wp-content\/uploads\/2026\/04\/Africa-trade-show-Luxpower-510x383.webp 510w\" sizes=\"auto, (max-width: 634px) 100vw, 634px\" \/><\/p>\n<h3 data-path-to-node=\"13\">A szerel\u0151k felhatalmaz\u00e1sa: A megb\u00edzhat\u00f3s\u00e1g \u00e9lvonala<\/h3>\n<p data-path-to-node=\"14\">Az energiat\u00e1rol\u00e1si szektorban a megb\u00edzhat\u00f3 term\u00e9k csak az alap; a sz\u00e1ll\u00edt\u00e1si k\u00e9pess\u00e9g ugyanilyen fontos. Minden z\u00f6kken\u0151mentesen m\u0171k\u00f6d\u0151 rendszer m\u00f6g\u00f6tt professzion\u00e1lis szerel\u0151k szak\u00e9rtelme \u00e1ll.<\/p>\n<p data-path-to-node=\"15\">Az expo egyik kiemelked\u0151 pillanata volt a bemutat\u00e1sa <b data-path-to-node=\"15\" data-index-in-node=\"49\">\u201cKiv\u00e1l\u00f3 Szerel\u0151i D\u00edj\u201d<\/b> kiemelked\u0151 helyi partnereinknek. Ez a kit\u00fcntet\u00e9s elismeri \u00e9ves telep\u00edt\u0151i programunkban ny\u00fajtott kiv\u00e9teles teljes\u00edtm\u00e9ny\u00fcket, \u00e9s meger\u0151s\u00edti a LuxpowerTek alapvet\u0151 elk\u00f6telezetts\u00e9g\u00e9t: helyi \u00e9rt\u00e9kes\u00edt\u00e9si partnereinkkel egy\u00fctt n\u00f6vekedni egy fenntarthat\u00f3 piaci \u00f6kosziszt\u00e9ma ki\u00e9p\u00edt\u00e9se \u00e9rdek\u00e9ben.<\/p>\n<p data-path-to-node=\"15\"><img loading=\"lazy\" decoding=\"async\" class=\"aligncenter wp-image-18240\" src=\"https:\/\/luxpowertek.com\/wp-content\/uploads\/2026\/04\/Exhibition-SA-lUX-scaled-e1775547586471.webp\" alt=\"\" width=\"605\" height=\"531\" srcset=\"https:\/\/luxpowertek.com\/wp-content\/uploads\/2026\/04\/Exhibition-SA-lUX-scaled-e1775547586471.webp 1920w, https:\/\/luxpowertek.com\/wp-content\/uploads\/2026\/04\/Exhibition-SA-lUX-scaled-e1775547586471-300x263.webp 300w, https:\/\/luxpowertek.com\/wp-content\/uploads\/2026\/04\/Exhibition-SA-lUX-scaled-e1775547586471-1030x904.webp 1030w, https:\/\/luxpowertek.com\/wp-content\/uploads\/2026\/04\/Exhibition-SA-lUX-scaled-e1775547586471-768x674.webp 768w, https:\/\/luxpowertek.com\/wp-content\/uploads\/2026\/04\/Exhibition-SA-lUX-scaled-e1775547586471-1536x1348.webp 1536w, https:\/\/luxpowertek.com\/wp-content\/uploads\/2026\/04\/Exhibition-SA-lUX-scaled-e1775547586471-14x12.webp 14w, https:\/\/luxpowertek.com\/wp-content\/uploads\/2026\/04\/Exhibition-SA-lUX-scaled-e1775547586471-510x448.webp 510w\" sizes=\"auto, (max-width: 605px) 100vw, 605px\" \/><\/p>\n<h3 data-path-to-node=\"16\">Johannesburgon t\u00fal: Mi a k\u00f6vetkez\u0151 l\u00e9p\u00e9s a LuxpowerTek sz\u00e1m\u00e1ra?<\/h3>\n<p data-path-to-node=\"17\">T\u00f6bb mint <b data-path-to-node=\"17\" data-index-in-node=\"10\">350 000 felhaszn\u00e1l\u00f3 vil\u00e1gszerte<\/b> \u00e9s <b data-path-to-node=\"17\" data-index-in-node=\"35\">2 GW+ sz\u00e1ll\u00edtm\u00e1nyokban<\/b>, A LuxpowerTek tov\u00e1bbra is elk\u00f6telezett az otthoni energiarendszer \u201cagy\u00e1nak\u201d biztos\u00edt\u00e1sa ir\u00e1nt. A Solar &amp; Storage Live Africa 2026 sikere \u00fajabb szil\u00e1rd l\u00e9p\u00e9st jelent lokaliz\u00e1lt afrikai strat\u00e9gi\u00e1nkban.<\/p>\n<p data-path-to-node=\"17\"><img loading=\"lazy\" decoding=\"async\" class=\"wp-image-18243 aligncenter\" src=\"https:\/\/luxpowertek.com\/wp-content\/uploads\/2026\/04\/South-Africa-trade-show-Luxpower-SNA-PRO-scaled.webp\" alt=\"\" width=\"597\" height=\"448\" srcset=\"https:\/\/luxpowertek.com\/wp-content\/uploads\/2026\/04\/South-Africa-trade-show-Luxpower-SNA-PRO-scaled.webp 2560w, https:\/\/luxpowertek.com\/wp-content\/uploads\/2026\/04\/South-Africa-trade-show-Luxpower-SNA-PRO-300x225.webp 300w, https:\/\/luxpowertek.com\/wp-content\/uploads\/2026\/04\/South-Africa-trade-show-Luxpower-SNA-PRO-1030x773.webp 1030w, https:\/\/luxpowertek.com\/wp-content\/uploads\/2026\/04\/South-Africa-trade-show-Luxpower-SNA-PRO-768x576.webp 768w, https:\/\/luxpowertek.com\/wp-content\/uploads\/2026\/04\/South-Africa-trade-show-Luxpower-SNA-PRO-1536x1152.webp 1536w, https:\/\/luxpowertek.com\/wp-content\/uploads\/2026\/04\/South-Africa-trade-show-Luxpower-SNA-PRO-2048x1536.webp 2048w, https:\/\/luxpowertek.com\/wp-content\/uploads\/2026\/04\/South-Africa-trade-show-Luxpower-SNA-PRO-16x12.webp 16w, https:\/\/luxpowertek.com\/wp-content\/uploads\/2026\/04\/South-Africa-trade-show-Luxpower-SNA-PRO-510x383.webp 510w\" sizes=\"auto, (max-width: 597px) 100vw, 597px\" \/><\/p>\n<p data-path-to-node=\"18\">Sz\u00edvb\u0151l k\u00f6sz\u00f6nj\u00fck minden partner\u00fcnknek, szerel\u0151nknek \u00e9s l\u00e1togat\u00f3nak, aki csatlakozott hozz\u00e1nk a standunkn\u00e1l. Az \u00d6n\u00f6k megl\u00e1t\u00e1sai \u00e9s bizalma folyamatos innov\u00e1ci\u00f3nk mozgat\u00f3rug\u00f3ja.<\/p>\n<p data-path-to-node=\"19\">Hi\u00e1nyoztunk Johannesburgban? Az utaz\u00e1s folytat\u00f3dik. V\u00e1rjuk \u00d6nt szeretettel a <b data-path-to-node=\"19\" data-index-in-node=\"83\">Nig\u00e9riai Energia 2026<\/b> mik\u00f6zben egy\u00fctt teremt\u00fcnk egy z\u00f6ldebb j\u00f6v\u0151t Nyugat-Afrika sz\u00e1m\u00e1ra!<\/p>\n<p data-path-to-node=\"19\"><img loading=\"lazy\" decoding=\"async\" class=\"wp-image-18245 aligncenter\" src=\"https:\/\/luxpowertek.com\/wp-content\/uploads\/2026\/04\/Trade-show-LuxpowerTek-SNA-PRO-IP66-scaled.webp\" alt=\"\" width=\"592\" height=\"444\" srcset=\"https:\/\/luxpowertek.com\/wp-content\/uploads\/2026\/04\/Trade-show-LuxpowerTek-SNA-PRO-IP66-scaled.webp 2560w, https:\/\/luxpowertek.com\/wp-content\/uploads\/2026\/04\/Trade-show-LuxpowerTek-SNA-PRO-IP66-300x225.webp 300w, https:\/\/luxpowertek.com\/wp-content\/uploads\/2026\/04\/Trade-show-LuxpowerTek-SNA-PRO-IP66-1030x773.webp 1030w, https:\/\/luxpowertek.com\/wp-content\/uploads\/2026\/04\/Trade-show-LuxpowerTek-SNA-PRO-IP66-768x576.webp 768w, https:\/\/luxpowertek.com\/wp-content\/uploads\/2026\/04\/Trade-show-LuxpowerTek-SNA-PRO-IP66-1536x1152.webp 1536w, https:\/\/luxpowertek.com\/wp-content\/uploads\/2026\/04\/Trade-show-LuxpowerTek-SNA-PRO-IP66-2048x1536.webp 2048w, https:\/\/luxpowertek.com\/wp-content\/uploads\/2026\/04\/Trade-show-LuxpowerTek-SNA-PRO-IP66-16x12.webp 16w, https:\/\/luxpowertek.com\/wp-content\/uploads\/2026\/04\/Trade-show-LuxpowerTek-SNA-PRO-IP66-510x383.webp 510w\" sizes=\"auto, (max-width: 592px) 100vw, 592px\" \/><\/p>","protected":false},"excerpt":{"rendered":"<p>Az afrikai energia\u00e1t\u00e1ll\u00e1s p\u00e9ld\u00e1tlan \u00fctemben gyorsul. M\u00e1rcius 25. \u00e9s 27. k\u00f6z\u00f6tt a LuxpowerTek k\u00f6zponti szerepet kapott a 2026-os johannesburgi Solar &amp; Storage Live South Africa ki\u00e1ll\u00edt\u00e1son, bemutatva \u00e1tfog\u00f3 napelemes \u00e9s energiat\u00e1rol\u00e1si megold\u00e1saink portf\u00f3li\u00f3j\u00e1t, amelyeket kifejezetten Afrika \u00f6sszetett h\u00e1l\u00f3zati k\u00f6rnyezeteire terveztek. 2025-ben Afrika \u00faj napelemes kapacit\u00e1sa el\u00e9rte a 4,5 GW-ot,\u2026<\/p>","protected":false},"author":3,"featured_media":18243,"comment_status":"open","ping_status":"open","sticky":false,"template":"","format":"standard","meta":{"rop_custom_images_group":[],"rop_custom_messages_group":[],"rop_publish_now":"no","rop_publish_now_accounts":[],"rop_publish_now_history":[],"rop_publish_now_status":"pending","footnotes":""},"categories":[92],"tags":[],"class_list":["post-18233","post","type-post","status-publish","format-standard","has-post-thumbnail","hentry","category-about-company"],"yoast_head":"<!-- This site is optimized with the Yoast SEO plugin v27.3 - https:\/\/yoast.com\/product\/yoast-seo-wordpress\/ -->\n<title>Solar &amp; Storage Live Africa 2026 Highlights: LuxpowerTek Drives Regional Energy Independence -<\/title>\n<meta name=\"description\" content=\"The energy transition in Africa is accelerating at an unprecedented pace. From March 25th to 27th, LuxpowerTek took center stage at Solar &amp; Storage Live South Africa 2026 in Johannesburg, showcasing our comprehensive portfolio of solar and storage solutions engineered specifically for Africa&#039;s complex grid environments. %\" \/>\n<meta name=\"robots\" content=\"index, follow, max-snippet:-1, max-image-preview:large, max-video-preview:-1\" \/>\n<link rel=\"canonical\" href=\"https:\/\/luxpowertek.com\/hu\/blog\/a-napelemes-energiatarolasrol-szolo-live-africa-2026-kiemelt-esemenyei-a-luxpowertek-a-regionalis-energiafuggetlenseg-elomozditasaert-felel\/\" \/>\n<meta property=\"og:locale\" content=\"hu_HU\" \/>\n<meta property=\"og:type\" content=\"article\" \/>\n<meta property=\"og:title\" content=\"Solar &amp; Storage Live Africa 2026 Highlights: LuxpowerTek Drives Regional Energy Independence -\" \/>\n<meta property=\"og:description\" content=\"The energy transition in Africa is accelerating at an unprecedented pace. From March 25th to 27th, LuxpowerTek took center stage at Solar &amp; Storage Live South Africa 2026 in Johannesburg, showcasing our comprehensive portfolio of solar and storage solutions engineered specifically for Africa&#039;s complex grid environments. %\" \/>\n<meta property=\"og:url\" content=\"https:\/\/luxpowertek.com\/hu\/blog\/a-napelemes-energiatarolasrol-szolo-live-africa-2026-kiemelt-esemenyei-a-luxpowertek-a-regionalis-energiafuggetlenseg-elomozditasaert-felel\/\" \/>\n<meta property=\"article:publisher\" content=\"https:\/\/www.facebook.com\/LUXPOWERTEK\" \/>\n<meta property=\"article:published_time\" content=\"2026-04-07T08:33:25+00:00\" \/>\n<meta property=\"article:modified_time\" content=\"2026-04-07T08:36:17+00:00\" \/>\n<meta property=\"og:image\" content=\"https:\/\/luxpowertek.com\/wp-content\/uploads\/2026\/04\/South-Africa-trade-show-Luxpower-SNA-PRO-scaled.webp\" \/>\n\t<meta property=\"og:image:width\" content=\"2560\" \/>\n\t<meta property=\"og:image:height\" content=\"1920\" \/>\n\t<meta property=\"og:image:type\" content=\"image\/webp\" \/>\n<meta name=\"author\" content=\"miao miao\" \/>\n<meta name=\"twitter:card\" content=\"summary_large_image\" \/>\n<meta name=\"twitter:label1\" content=\"Written by\" \/>\n\t<meta name=\"twitter:data1\" content=\"miao miao\" \/>\n\t<meta name=\"twitter:label2\" content=\"Est. reading time\" \/>\n\t<meta name=\"twitter:data2\" content=\"5 perc\" \/>\n<script type=\"application\/ld+json\" class=\"yoast-schema-graph\">{\"@context\":\"https:\\\/\\\/schema.org\",\"@graph\":[{\"@type\":\"Article\",\"@id\":\"https:\\\/\\\/luxpowertek.com\\\/blog\\\/solar-storage-live-africa-2026-highlights-luxpowertek-drives-regional-energy-independence\\\/#article\",\"isPartOf\":{\"@id\":\"https:\\\/\\\/luxpowertek.com\\\/blog\\\/solar-storage-live-africa-2026-highlights-luxpowertek-drives-regional-energy-independence\\\/\"},\"author\":{\"name\":\"miao miao\",\"@id\":\"https:\\\/\\\/luxpowertek.com\\\/#\\\/schema\\\/person\\\/691da96ccdd2a899702e96be4c0b892e\"},\"headline\":\"Solar &#038; Storage Live Africa 2026 Highlights: LuxpowerTek Drives Regional Energy Independence\",\"datePublished\":\"2026-04-07T08:33:25+00:00\",\"dateModified\":\"2026-04-07T08:36:17+00:00\",\"mainEntityOfPage\":{\"@id\":\"https:\\\/\\\/luxpowertek.com\\\/blog\\\/solar-storage-live-africa-2026-highlights-luxpowertek-drives-regional-energy-independence\\\/\"},\"wordCount\":551,\"commentCount\":0,\"publisher\":{\"@id\":\"https:\\\/\\\/luxpowertek.com\\\/#organization\"},\"image\":{\"@id\":\"https:\\\/\\\/luxpowertek.com\\\/blog\\\/solar-storage-live-africa-2026-highlights-luxpowertek-drives-regional-energy-independence\\\/#primaryimage\"},\"thumbnailUrl\":\"https:\\\/\\\/luxpowertek.com\\\/wp-content\\\/uploads\\\/2026\\\/04\\\/South-Africa-trade-show-Luxpower-SNA-PRO-scaled.webp\",\"articleSection\":[\"About Company\"],\"inLanguage\":\"hu\",\"potentialAction\":[{\"@type\":\"CommentAction\",\"name\":\"Comment\",\"target\":[\"https:\\\/\\\/luxpowertek.com\\\/blog\\\/solar-storage-live-africa-2026-highlights-luxpowertek-drives-regional-energy-independence\\\/#respond\"]}]},{\"@type\":\"WebPage\",\"@id\":\"https:\\\/\\\/luxpowertek.com\\\/blog\\\/solar-storage-live-africa-2026-highlights-luxpowertek-drives-regional-energy-independence\\\/\",\"url\":\"https:\\\/\\\/luxpowertek.com\\\/blog\\\/solar-storage-live-africa-2026-highlights-luxpowertek-drives-regional-energy-independence\\\/\",\"name\":\"Solar & Storage Live Africa 2026 Highlights: LuxpowerTek Drives Regional Energy Independence -\",\"isPartOf\":{\"@id\":\"https:\\\/\\\/luxpowertek.com\\\/#website\"},\"primaryImageOfPage\":{\"@id\":\"https:\\\/\\\/luxpowertek.com\\\/blog\\\/solar-storage-live-africa-2026-highlights-luxpowertek-drives-regional-energy-independence\\\/#primaryimage\"},\"image\":{\"@id\":\"https:\\\/\\\/luxpowertek.com\\\/blog\\\/solar-storage-live-africa-2026-highlights-luxpowertek-drives-regional-energy-independence\\\/#primaryimage\"},\"thumbnailUrl\":\"https:\\\/\\\/luxpowertek.com\\\/wp-content\\\/uploads\\\/2026\\\/04\\\/South-Africa-trade-show-Luxpower-SNA-PRO-scaled.webp\",\"datePublished\":\"2026-04-07T08:33:25+00:00\",\"dateModified\":\"2026-04-07T08:36:17+00:00\",\"description\":\"The energy transition in Africa is accelerating at an unprecedented pace. From March 25th to 27th, LuxpowerTek took center stage at Solar & Storage Live South Africa 2026 in Johannesburg, showcasing our comprehensive portfolio of solar and storage solutions engineered specifically for Africa's complex grid environments. %\",\"breadcrumb\":{\"@id\":\"https:\\\/\\\/luxpowertek.com\\\/blog\\\/solar-storage-live-africa-2026-highlights-luxpowertek-drives-regional-energy-independence\\\/#breadcrumb\"},\"inLanguage\":\"hu\",\"potentialAction\":[{\"@type\":\"ReadAction\",\"target\":[\"https:\\\/\\\/luxpowertek.com\\\/blog\\\/solar-storage-live-africa-2026-highlights-luxpowertek-drives-regional-energy-independence\\\/\"]}]},{\"@type\":\"ImageObject\",\"inLanguage\":\"hu\",\"@id\":\"https:\\\/\\\/luxpowertek.com\\\/blog\\\/solar-storage-live-africa-2026-highlights-luxpowertek-drives-regional-energy-independence\\\/#primaryimage\",\"url\":\"https:\\\/\\\/luxpowertek.com\\\/wp-content\\\/uploads\\\/2026\\\/04\\\/South-Africa-trade-show-Luxpower-SNA-PRO-scaled.webp\",\"contentUrl\":\"https:\\\/\\\/luxpowertek.com\\\/wp-content\\\/uploads\\\/2026\\\/04\\\/South-Africa-trade-show-Luxpower-SNA-PRO-scaled.webp\",\"width\":2560,\"height\":1920},{\"@type\":\"BreadcrumbList\",\"@id\":\"https:\\\/\\\/luxpowertek.com\\\/blog\\\/solar-storage-live-africa-2026-highlights-luxpowertek-drives-regional-energy-independence\\\/#breadcrumb\",\"itemListElement\":[{\"@type\":\"ListItem\",\"position\":1,\"name\":\"Home\",\"item\":\"https:\\\/\\\/luxpowertek.com\\\/\"},{\"@type\":\"ListItem\",\"position\":2,\"name\":\"About Company\",\"item\":\"https:\\\/\\\/luxpowertek.com\\\/zh\\\/blog\\\/\u7c7b\u522b\\\/\u5173\u4e8e\u516c\u53f8\\\/\"},{\"@type\":\"ListItem\",\"position\":3,\"name\":\"Solar &#038; Storage Live Africa 2026 Highlights: LuxpowerTek Drives Regional Energy Independence\"}]},{\"@type\":\"WebSite\",\"@id\":\"https:\\\/\\\/luxpowertek.com\\\/#website\",\"url\":\"https:\\\/\\\/luxpowertek.com\\\/\",\"name\":\"\",\"description\":\"\",\"publisher\":{\"@id\":\"https:\\\/\\\/luxpowertek.com\\\/#organization\"},\"potentialAction\":[{\"@type\":\"SearchAction\",\"target\":{\"@type\":\"EntryPoint\",\"urlTemplate\":\"https:\\\/\\\/luxpowertek.com\\\/?s={search_term_string}\"},\"query-input\":{\"@type\":\"PropertyValueSpecification\",\"valueRequired\":true,\"valueName\":\"search_term_string\"}}],\"inLanguage\":\"hu\"},{\"@type\":\"Organization\",\"@id\":\"https:\\\/\\\/luxpowertek.com\\\/#organization\",\"name\":\"LuxpowerTek\",\"url\":\"https:\\\/\\\/luxpowertek.com\\\/\",\"logo\":{\"@type\":\"ImageObject\",\"inLanguage\":\"hu\",\"@id\":\"https:\\\/\\\/luxpowertek.com\\\/#\\\/schema\\\/logo\\\/image\\\/\",\"url\":\"https:\\\/\\\/luxpowertek.com\\\/wp-content\\\/uploads\\\/2024\\\/08\\\/Luxpower_logo_new.webp\",\"contentUrl\":\"https:\\\/\\\/luxpowertek.com\\\/wp-content\\\/uploads\\\/2024\\\/08\\\/Luxpower_logo_new.webp\",\"width\":1030,\"height\":186,\"caption\":\"LuxpowerTek\"},\"image\":{\"@id\":\"https:\\\/\\\/luxpowertek.com\\\/#\\\/schema\\\/logo\\\/image\\\/\"},\"sameAs\":[\"https:\\\/\\\/www.facebook.com\\\/LUXPOWERTEK\"]},{\"@type\":\"Person\",\"@id\":\"https:\\\/\\\/luxpowertek.com\\\/#\\\/schema\\\/person\\\/691da96ccdd2a899702e96be4c0b892e\",\"name\":\"miao miao\",\"image\":{\"@type\":\"ImageObject\",\"inLanguage\":\"hu\",\"@id\":\"https:\\\/\\\/secure.gravatar.com\\\/avatar\\\/c9970439d619162f7823db50b8a803904cf5d449a40abe89abee48df8ed6fdad?s=96&d=mm&r=g\",\"url\":\"https:\\\/\\\/secure.gravatar.com\\\/avatar\\\/c9970439d619162f7823db50b8a803904cf5d449a40abe89abee48df8ed6fdad?s=96&d=mm&r=g\",\"contentUrl\":\"https:\\\/\\\/secure.gravatar.com\\\/avatar\\\/c9970439d619162f7823db50b8a803904cf5d449a40abe89abee48df8ed6fdad?s=96&d=mm&r=g\",\"caption\":\"miao miao\"}}]}<\/script>\n<!-- \/ Yoast SEO plugin. -->","yoast_head_json":{"title":"Napelemes \u00e9s T\u00e1rol\u00f3 \u00c9l\u0151 Afrika 2026 Kiemelt esem\u00e9nyek: A LuxpowerTek region\u00e1lis energiaf\u00fcggetlens\u00e9get hoz -","description":"Az afrikai energia\u00e1t\u00e1ll\u00e1s p\u00e9ld\u00e1tlan \u00fctemben gyorsul. M\u00e1rcius 25. \u00e9s 27. k\u00f6z\u00f6tt a LuxpowerTek k\u00f6zponti szerepet kapott a 2026-os johannesburgi Solar &amp; Storage Live South Africa ki\u00e1ll\u00edt\u00e1son, ahol bemutatta \u00e1tfog\u00f3 napelemes \u00e9s energiat\u00e1rol\u00e1si megold\u00e1saink portf\u00f3li\u00f3j\u00e1t, amelyeket kifejezetten Afrika \u00f6sszetett h\u00e1l\u00f3zati k\u00f6rnyezeteire terveztek. %","robots":{"index":"index","follow":"follow","max-snippet":"max-snippet:-1","max-image-preview":"max-image-preview:large","max-video-preview":"max-video-preview:-1"},"canonical":"https:\/\/luxpowertek.com\/hu\/blog\/a-napelemes-energiatarolasrol-szolo-live-africa-2026-kiemelt-esemenyei-a-luxpowertek-a-regionalis-energiafuggetlenseg-elomozditasaert-felel\/","og_locale":"hu_HU","og_type":"article","og_title":"Solar & Storage Live Africa 2026 Highlights: LuxpowerTek Drives Regional Energy Independence -","og_description":"The energy transition in Africa is accelerating at an unprecedented pace. From March 25th to 27th, LuxpowerTek took center stage at Solar & Storage Live South Africa 2026 in Johannesburg, showcasing our comprehensive portfolio of solar and storage solutions engineered specifically for Africa's complex grid environments. %","og_url":"https:\/\/luxpowertek.com\/hu\/blog\/a-napelemes-energiatarolasrol-szolo-live-africa-2026-kiemelt-esemenyei-a-luxpowertek-a-regionalis-energiafuggetlenseg-elomozditasaert-felel\/","article_publisher":"https:\/\/www.facebook.com\/LUXPOWERTEK","article_published_time":"2026-04-07T08:33:25+00:00","article_modified_time":"2026-04-07T08:36:17+00:00","og_image":[{"width":2560,"height":1920,"url":"https:\/\/luxpowertek.com\/wp-content\/uploads\/2026\/04\/South-Africa-trade-show-Luxpower-SNA-PRO-scaled.webp","type":"image\/webp"}],"author":"miao miao","twitter_card":"summary_large_image","twitter_misc":{"Written by":"miao miao","Est. reading time":"5 perc"},"schema":{"@context":"https:\/\/schema.org","@graph":[{"@type":"Article","@id":"https:\/\/luxpowertek.com\/blog\/solar-storage-live-africa-2026-highlights-luxpowertek-drives-regional-energy-independence\/#article","isPartOf":{"@id":"https:\/\/luxpowertek.com\/blog\/solar-storage-live-africa-2026-highlights-luxpowertek-drives-regional-energy-independence\/"},"author":{"name":"miao miao","@id":"https:\/\/luxpowertek.com\/#\/schema\/person\/691da96ccdd2a899702e96be4c0b892e"},"headline":"Solar &#038; Storage Live Africa 2026 Highlights: LuxpowerTek Drives Regional Energy Independence","datePublished":"2026-04-07T08:33:25+00:00","dateModified":"2026-04-07T08:36:17+00:00","mainEntityOfPage":{"@id":"https:\/\/luxpowertek.com\/blog\/solar-storage-live-africa-2026-highlights-luxpowertek-drives-regional-energy-independence\/"},"wordCount":551,"commentCount":0,"publisher":{"@id":"https:\/\/luxpowertek.com\/#organization"},"image":{"@id":"https:\/\/luxpowertek.com\/blog\/solar-storage-live-africa-2026-highlights-luxpowertek-drives-regional-energy-independence\/#primaryimage"},"thumbnailUrl":"https:\/\/luxpowertek.com\/wp-content\/uploads\/2026\/04\/South-Africa-trade-show-Luxpower-SNA-PRO-scaled.webp","articleSection":["About Company"],"inLanguage":"hu","potentialAction":[{"@type":"CommentAction","name":"Comment","target":["https:\/\/luxpowertek.com\/blog\/solar-storage-live-africa-2026-highlights-luxpowertek-drives-regional-energy-independence\/#respond"]}]},{"@type":"WebPage","@id":"https:\/\/luxpowertek.com\/blog\/solar-storage-live-africa-2026-highlights-luxpowertek-drives-regional-energy-independence\/","url":"https:\/\/luxpowertek.com\/blog\/solar-storage-live-africa-2026-highlights-luxpowertek-drives-regional-energy-independence\/","name":"Napelemes \u00e9s T\u00e1rol\u00f3 \u00c9l\u0151 Afrika 2026 Kiemelt esem\u00e9nyek: A LuxpowerTek region\u00e1lis energiaf\u00fcggetlens\u00e9get hoz -","isPartOf":{"@id":"https:\/\/luxpowertek.com\/#website"},"primaryImageOfPage":{"@id":"https:\/\/luxpowertek.com\/blog\/solar-storage-live-africa-2026-highlights-luxpowertek-drives-regional-energy-independence\/#primaryimage"},"image":{"@id":"https:\/\/luxpowertek.com\/blog\/solar-storage-live-africa-2026-highlights-luxpowertek-drives-regional-energy-independence\/#primaryimage"},"thumbnailUrl":"https:\/\/luxpowertek.com\/wp-content\/uploads\/2026\/04\/South-Africa-trade-show-Luxpower-SNA-PRO-scaled.webp","datePublished":"2026-04-07T08:33:25+00:00","dateModified":"2026-04-07T08:36:17+00:00","description":"Az afrikai energia\u00e1t\u00e1ll\u00e1s p\u00e9ld\u00e1tlan \u00fctemben gyorsul. M\u00e1rcius 25. \u00e9s 27. k\u00f6z\u00f6tt a LuxpowerTek k\u00f6zponti szerepet kapott a 2026-os johannesburgi Solar &amp; Storage Live South Africa ki\u00e1ll\u00edt\u00e1son, ahol bemutatta \u00e1tfog\u00f3 napelemes \u00e9s energiat\u00e1rol\u00e1si megold\u00e1saink portf\u00f3li\u00f3j\u00e1t, amelyeket kifejezetten Afrika \u00f6sszetett h\u00e1l\u00f3zati k\u00f6rnyezeteire terveztek. %","breadcrumb":{"@id":"https:\/\/luxpowertek.com\/blog\/solar-storage-live-africa-2026-highlights-luxpowertek-drives-regional-energy-independence\/#breadcrumb"},"inLanguage":"hu","potentialAction":[{"@type":"ReadAction","target":["https:\/\/luxpowertek.com\/blog\/solar-storage-live-africa-2026-highlights-luxpowertek-drives-regional-energy-independence\/"]}]},{"@type":"ImageObject","inLanguage":"hu","@id":"https:\/\/luxpowertek.com\/blog\/solar-storage-live-africa-2026-highlights-luxpowertek-drives-regional-energy-independence\/#primaryimage","url":"https:\/\/luxpowertek.com\/wp-content\/uploads\/2026\/04\/South-Africa-trade-show-Luxpower-SNA-PRO-scaled.webp","contentUrl":"https:\/\/luxpowertek.com\/wp-content\/uploads\/2026\/04\/South-Africa-trade-show-Luxpower-SNA-PRO-scaled.webp","width":2560,"height":1920},{"@type":"BreadcrumbList","@id":"https:\/\/luxpowertek.com\/blog\/solar-storage-live-africa-2026-highlights-luxpowertek-drives-regional-energy-independence\/#breadcrumb","itemListElement":[{"@type":"ListItem","position":1,"name":"Home","item":"https:\/\/luxpowertek.com\/"},{"@type":"ListItem","position":2,"name":"About Company","item":"https:\/\/luxpowertek.com\/zh\/blog\/\u7c7b\u522b\/\u5173\u4e8e\u516c\u53f8\/"},{"@type":"ListItem","position":3,"name":"Solar &#038; Storage Live Africa 2026 Highlights: LuxpowerTek Drives Regional Energy Independence"}]},{"@type":"WebSite","@id":"https:\/\/luxpowertek.com\/#website","url":"https:\/\/luxpowertek.com\/","name":"","description":"","publisher":{"@id":"https:\/\/luxpowertek.com\/#organization"},"potentialAction":[{"@type":"SearchAction","target":{"@type":"EntryPoint","urlTemplate":"https:\/\/luxpowertek.com\/?s={search_term_string}"},"query-input":{"@type":"PropertyValueSpecification","valueRequired":true,"valueName":"search_term_string"}}],"inLanguage":"hu"},{"@type":"Organization","@id":"https:\/\/luxpowertek.com\/#organization","name":"LuxpowerTek","url":"https:\/\/luxpowertek.com\/","logo":{"@type":"ImageObject","inLanguage":"hu","@id":"https:\/\/luxpowertek.com\/#\/schema\/logo\/image\/","url":"https:\/\/luxpowertek.com\/wp-content\/uploads\/2024\/08\/Luxpower_logo_new.webp","contentUrl":"https:\/\/luxpowertek.com\/wp-content\/uploads\/2024\/08\/Luxpower_logo_new.webp","width":1030,"height":186,"caption":"LuxpowerTek"},"image":{"@id":"https:\/\/luxpowertek.com\/#\/schema\/logo\/image\/"},"sameAs":["https:\/\/www.facebook.com\/LUXPOWERTEK"]},{"@type":"Person","@id":"https:\/\/luxpowertek.com\/#\/schema\/person\/691da96ccdd2a899702e96be4c0b892e","name":"miao miao","image":{"@type":"ImageObject","inLanguage":"hu","@id":"https:\/\/secure.gravatar.com\/avatar\/c9970439d619162f7823db50b8a803904cf5d449a40abe89abee48df8ed6fdad?s=96&d=mm&r=g","url":"https:\/\/secure.gravatar.com\/avatar\/c9970439d619162f7823db50b8a803904cf5d449a40abe89abee48df8ed6fdad?s=96&d=mm&r=g","contentUrl":"https:\/\/secure.gravatar.com\/avatar\/c9970439d619162f7823db50b8a803904cf5d449a40abe89abee48df8ed6fdad?s=96&d=mm&r=g","caption":"miao miao"}}]}},"_links":{"self":[{"href":"https:\/\/luxpowertek.com\/hu\/wp-json\/wp\/v2\/posts\/18233","targetHints":{"allow":["GET"]}}],"collection":[{"href":"https:\/\/luxpowertek.com\/hu\/wp-json\/wp\/v2\/posts"}],"about":[{"href":"https:\/\/luxpowertek.com\/hu\/wp-json\/wp\/v2\/types\/post"}],"author":[{"embeddable":true,"href":"https:\/\/luxpowertek.com\/hu\/wp-json\/wp\/v2\/users\/3"}],"replies":[{"embeddable":true,"href":"https:\/\/luxpowertek.com\/hu\/wp-json\/wp\/v2\/comments?post=18233"}],"version-history":[{"count":1,"href":"https:\/\/luxpowertek.com\/hu\/wp-json\/wp\/v2\/posts\/18233\/revisions"}],"predecessor-version":[{"id":18246,"href":"https:\/\/luxpowertek.com\/hu\/wp-json\/wp\/v2\/posts\/18233\/revisions\/18246"}],"wp:featuredmedia":[{"embeddable":true,"href":"https:\/\/luxpowertek.com\/hu\/wp-json\/wp\/v2\/media\/18243"}],"wp:attachment":[{"href":"https:\/\/luxpowertek.com\/hu\/wp-json\/wp\/v2\/media?parent=18233"}],"wp:term":[{"taxonomy":"category","embeddable":true,"href":"https:\/\/luxpowertek.com\/hu\/wp-json\/wp\/v2\/categories?post=18233"},{"taxonomy":"post_tag","embeddable":true,"href":"https:\/\/luxpowertek.com\/hu\/wp-json\/wp\/v2\/tags?post=18233"}],"curies":[{"name":"munkaf\u00fczet","href":"https:\/\/api.w.org\/{rel}","templated":true}]}}